{"id":218,"date":"2020-10-31T00:00:55","date_gmt":"2020-10-31T00:00:55","guid":{"rendered":"https:\/\/k1lisbon.fnkp.pt\/?p=218"},"modified":"2021-01-14T23:46:51","modified_gmt":"2021-01-14T23:46:51","slug":"welcome-to-portugal","status":"publish","type":"post","link":"https:\/\/k1lisbon.fnkp.pt\/pt\/welcome-to-portugal\/","title":{"rendered":"BEM-VINDO A PORTUGAL"},"content":{"rendered":"<p>[et_pb_section fb_built=&#8221;1&#8243; _builder_version=&#8221;4.6.6&#8243; _module_preset=&#8221;default&#8221;][et_pb_row _builder_version=&#8221;4.6.6&#8243; _module_preset=&#8221;default&#8221; column_structure=&#8221;1_3,2_3&#8243;][et_pb_column type=&#8221;1_3&#8243; _builder_version=&#8221;4.6.6&#8243; _module_preset=&#8221;default&#8221;][et_pb_image src=&#8221;https:\/\/k1lisbon.fnkp.pt\/wp-content\/uploads\/2020\/10\/alex-paganelli-rYVmXecm64Q-unsplash-scaled-1.jpg&#8221; _builder_version=&#8221;4.8.0&#8243; _module_preset=&#8221;default&#8221; title_text=&#8221;alex-paganelli-rYVmXecm64Q-unsplash-scaled&#8221; hover_enabled=&#8221;0&#8243; sticky_enabled=&#8221;0&#8243; box_shadow_style=&#8221;preset3&#8243;][\/et_pb_image][\/et_pb_column][et_pb_column type=&#8221;2_3&#8243; _builder_version=&#8221;4.6.6&#8243; _module_preset=&#8221;default&#8221;][et_pb_text _builder_version=&#8221;4.8.0&#8243; _module_preset=&#8221;default&#8221; hover_enabled=&#8221;0&#8243; text_font_size=&#8221;16px&#8221; sticky_enabled=&#8221;0&#8243;]<\/p>\n<p>Depois do \u00faltimo evento realizado em Portugal (2014), promovido pela Federa\u00e7\u00e3o Europeia (EKF), Portugal est\u00e1 na primeira linha  do Karate Mundial.\nEstabelecemos metas para valorizar esta modalidade, enaltecer Portugal e o Karate Nacional atrav\u00e9s de uma afirma\u00e7\u00e3o de  qualidade organizacional em eventos de grande dimens\u00e3o como este que se aproxima.<br \/> Face \u00e0 pandemia com todos os seus efeitos e  dificuldades econ\u00f3micas, tornaram-se um obst\u00e1culo a ser superado. Somos desafiados na realiza\u00e7\u00e3o do evento, motivando-nos  com empenho, rigor  e qualidade.<br \/> \u00c9 por esta raz\u00e3o que esta realiza\u00e7\u00e3o do K1 \u2013 Premier League nos d\u00e1 motivo para uma grande satisfa\u00e7\u00e3o, refletindo a din\u00e2mica do Karate em Portugal. \nPortugal est\u00e1 agradecido por vos receber e disfrutem deste caloroso Pais. \n\nBem vindos a todos.<\/p>\n<p>[\/et_pb_text][\/et_pb_column][\/et_pb_row][\/et_pb_section]<\/p>","protected":false},"excerpt":{"rendered":"<p>[et_pb_section fb_built=&#8221;1&#8243; _builder_version=&#8221;4.6.6&#8243; _module_preset=&#8221;default&#8221;][et_pb_row _builder_version=&#8221;4.6.6&#8243; _module_preset=&#8221;default&#8221; column_structure=&#8221;1_3,2_3&#8243;][et_pb_column type=&#8221;1_3&#8243; _builder_version=&#8221;4.6.6&#8243; _module_preset=&#8221;default&#8221;][et_pb_image src=&#8221;https:\/\/k1lisbon.fnkp.pt\/wp-content\/uploads\/2020\/10\/alex-paganelli-rYVmXecm64Q-unsplash-scaled-1.jpg&#8221; _builder_version=&#8221;4.8.0&#8243; _module_preset=&#8221;default&#8221; title_text=&#8221;alex-paganelli-rYVmXecm64Q-unsplash-scaled&#8221; hover_enabled=&#8221;0&#8243; sticky_enabled=&#8221;0&#8243; box_shadow_style=&#8221;preset3&#8243;][\/et_pb_image][\/et_pb_column][et_pb_column type=&#8221;2_3&#8243; _builder_version=&#8221;4.6.6&#8243; _module_preset=&#8221;default&#8221;][et_pb_text _builder_version=&#8221;4.8.0&#8243; _module_preset=&#8221;default&#8221; hover_enabled=&#8221;0&#8243; text_font_size=&#8221;16px&#8221; sticky_enabled=&#8221;0&#8243;] After the last event held in Portugal (2014), promoted by the European Federation, Portugal is know at the fore front of World Karate. The National Portuguese Karate Federation, is proud [&hellip;]<\/p>","protected":false},"author":1,"featured_media":169,"comment_status":"open","ping_status":"closed","sticky":false,"template":"","format":"standard","meta":{"_et_pb_use_builder":"on","_et_pb_old_content":"","_et_gb_content_width":"","footnotes":""},"categories":[1],"tags":[],"class_list":["post-218","post","type-post","status-publish","format-standard","has-post-thumbnail","hentry","category-k1-lisbon"],"_links":{"self":[{"href":"https:\/\/k1lisbon.fnkp.pt\/pt\/wp-json\/wp\/v2\/posts\/218","targetHints":{"allow":["GET"]}}],"collection":[{"href":"https:\/\/k1lisbon.fnkp.pt\/pt\/wp-json\/wp\/v2\/posts"}],"about":[{"href":"https:\/\/k1lisbon.fnkp.pt\/pt\/wp-json\/wp\/v2\/types\/post"}],"author":[{"embeddable":true,"href":"https:\/\/k1lisbon.fnkp.pt\/pt\/wp-json\/wp\/v2\/users\/1"}],"replies":[{"embeddable":true,"href":"https:\/\/k1lisbon.fnkp.pt\/pt\/wp-json\/wp\/v2\/comments?post=218"}],"version-history":[{"count":0,"href":"https:\/\/k1lisbon.fnkp.pt\/pt\/wp-json\/wp\/v2\/posts\/218\/revisions"}],"wp:featuredmedia":[{"embeddable":true,"href":"https:\/\/k1lisbon.fnkp.pt\/pt\/wp-json\/wp\/v2\/media\/169"}],"wp:attachment":[{"href":"https:\/\/k1lisbon.fnkp.pt\/pt\/wp-json\/wp\/v2\/media?parent=218"}],"wp:term":[{"taxonomy":"category","embeddable":true,"href":"https:\/\/k1lisbon.fnkp.pt\/pt\/wp-json\/wp\/v2\/categories?post=218"},{"taxonomy":"post_tag","embeddable":true,"href":"https:\/\/k1lisbon.fnkp.pt\/pt\/wp-json\/wp\/v2\/tags?post=218"}],"curies":[{"name":"wp","href":"https:\/\/api.w.org\/{rel}","templated":true}]}}